{"id":5347,"date":"2019-12-10T14:05:19","date_gmt":"2019-12-10T13:05:19","guid":{"rendered":"http:\/\/aldebro.hu\/?p=5347"},"modified":"2019-12-10T14:05:21","modified_gmt":"2019-12-10T13:05:21","slug":"bunmegelozesi-hirlevel-2019-december-2","status":"publish","type":"post","link":"http:\/\/aldebro.hu\/en\/bunmegelozesi-hirlevel-2019-december-2\/","title":{"rendered":"B\u0171nmegel\u0151z\u00e9si H\u00edrlev\u00e9l 2019. december"},"content":{"rendered":"\n<p>Advent, kar\u00e1csony, \u00fcnnepi k\u00e9sz\u00fcl\u0151d\u00e9s<\/p>\n\n\n\n<p><a href=\"http:\/\/aldebro.hu\/wp-content\/uploads\/2019\/12\/B\u0171nmegel\u0151z\u00e9si-H\u00edrlev\u00e9l-kar\u00e1csony.pdf\">A teljes dokumentum PDF form\u00e1tumban itt olvashat\u00f3.<\/a><\/p>\n","protected":false},"excerpt":{"rendered":"<p>Advent, kar\u00e1csony, \u00fcnnepi k\u00e9sz\u00fcl\u0151d\u00e9s A teljes dokumentum PDF form\u00e1tumban itt olvashat\u00f3.<\/p>\n","protected":false},"author":1,"featured_media":0,"comment_status":"closed","ping_status":"closed","sticky":false,"template":"","format":"standard","meta":{"footnotes":""},"categories":[29],"tags":[],"class_list":["post-5347","post","type-post","status-publish","format-standard","hentry","category-hirek"],"_links":{"self":[{"href":"http:\/\/aldebro.hu\/en\/wp-json\/wp\/v2\/posts\/5347","targetHints":{"allow":["GET"]}}],"collection":[{"href":"http:\/\/aldebro.hu\/en\/wp-json\/wp\/v2\/posts"}],"about":[{"href":"http:\/\/aldebro.hu\/en\/wp-json\/wp\/v2\/types\/post"}],"author":[{"embeddable":true,"href":"http:\/\/aldebro.hu\/en\/wp-json\/wp\/v2\/users\/1"}],"replies":[{"embeddable":true,"href":"http:\/\/aldebro.hu\/en\/wp-json\/wp\/v2\/comments?post=5347"}],"version-history":[{"count":1,"href":"http:\/\/aldebro.hu\/en\/wp-json\/wp\/v2\/posts\/5347\/revisions"}],"predecessor-version":[{"id":5348,"href":"http:\/\/aldebro.hu\/en\/wp-json\/wp\/v2\/posts\/5347\/revisions\/5348"}],"wp:attachment":[{"href":"http:\/\/aldebro.hu\/en\/wp-json\/wp\/v2\/media?parent=5347"}],"wp:term":[{"taxonomy":"category","embeddable":true,"href":"http:\/\/aldebro.hu\/en\/wp-json\/wp\/v2\/categories?post=5347"},{"taxonomy":"post_tag","embeddable":true,"href":"http:\/\/aldebro.hu\/en\/wp-json\/wp\/v2\/tags?post=5347"}],"curies":[{"name":"wp","href":"https:\/\/api.w.org\/{rel}","templated":true}]}}