{"id":5638,"date":"2020-06-18T08:28:35","date_gmt":"2020-06-18T07:28:35","guid":{"rendered":"http:\/\/aldebro.hu\/?p=5638"},"modified":"2020-06-18T08:29:51","modified_gmt":"2020-06-18T07:29:51","slug":"meghivo-36","status":"publish","type":"post","link":"http:\/\/aldebro.hu\/en\/meghivo-36\/","title":{"rendered":"Megh\u00edv\u00f3"},"content":{"rendered":"\n<p class=\"has-text-align-center\"><strong>&#8220;H\u00edd a m\u00falt \u00e9s a j\u00f6v\u0151 k\u00f6z\u00e9&#8221;<\/strong><\/p>\n\n\n\n<p class=\"has-text-align-center\">Aldebr\u0151 K\u00f6zs\u00e9g \u00d6nkorm\u00e1nyzata sok szeretettel megh\u00edvja<br>a telep\u00fcl\u00e9s lakosait<br><strong>2020. j\u00fanius 21-\u00e9n, vas\u00e1rnap<\/strong><br>a Heves Megyei N\u00e9pm\u0171v\u00e9szeti Egyes\u00fclet fafarag\u00f3i \u00e1ltal,<br>az V. Fafarag\u00f3 t\u00e1borban k\u00e9sz\u00edtett, a Szk\u00edta parkot \u00e9s a j\u00e1tsz\u00f3teret elv\u00e1laszt\u00f3 v\u00edzelvezet\u0151 \u00e1rkon \u00e1tvezet\u0151 <br>h\u00edd avat\u00e1si \u00fcnneps\u00e9g\u00e9re.<\/p>\n\n\n\n<p class=\"has-text-align-left\"> Program:<br>11:00  Szentmise a R\u00f3mai Katolikus Templomban<br>12:00 A h\u00edd meg\u00e1ld\u00e1sa<br>          \u00c1ld\u00e1st mond: Gal\u00f3 J\u00f3zsef pl\u00e9b\u00e1nos<br>          A Singerkranz k\u00f3rus n\u00e9met dalokat ad el\u0151 <\/p>\n\n\n\n<p class=\"has-text-align-center\">Minden kedves \u00e9rdekl\u0151d\u0151t szeretettel v\u00e1runk!<\/p>\n\n\n\n<div class=\"wp-block-image\"><figure class=\"aligncenter size-large is-resized\"><img loading=\"lazy\" decoding=\"async\" src=\"http:\/\/aldebro.hu\/wp-content\/uploads\/2020\/06\/h\u00edd.png\" alt=\"\" class=\"wp-image-5639\" width=\"515\" height=\"363\" srcset=\"http:\/\/aldebro.hu\/wp-content\/uploads\/2020\/06\/h\u00edd.png 849w, http:\/\/aldebro.hu\/wp-content\/uploads\/2020\/06\/h\u00edd-300x212.png 300w, http:\/\/aldebro.hu\/wp-content\/uploads\/2020\/06\/h\u00edd-768x543.png 768w, http:\/\/aldebro.hu\/wp-content\/uploads\/2020\/06\/h\u00edd-739x522.png 739w\" sizes=\"auto, (max-width: 515px) 100vw, 515px\" \/><\/figure><\/div>\n","protected":false},"excerpt":{"rendered":"<p>&#8220;H\u00edd a m\u00falt \u00e9s a j\u00f6v\u0151 k\u00f6z\u00e9&#8221; Aldebr\u0151 K\u00f6zs\u00e9g \u00d6nkorm\u00e1nyzata sok szeretettel megh\u00edvjaa telep\u00fcl\u00e9s lakosait2020. j\u00fanius 21-\u00e9n, vas\u00e1rnapa Heves Megyei&#8230;<\/p>\n","protected":false},"author":1,"featured_media":0,"comment_status":"closed","ping_status":"closed","sticky":false,"template":"","format":"standard","meta":{"footnotes":""},"categories":[29],"tags":[],"class_list":["post-5638","post","type-post","status-publish","format-standard","hentry","category-hirek"],"_links":{"self":[{"href":"http:\/\/aldebro.hu\/en\/wp-json\/wp\/v2\/posts\/5638","targetHints":{"allow":["GET"]}}],"collection":[{"href":"http:\/\/aldebro.hu\/en\/wp-json\/wp\/v2\/posts"}],"about":[{"href":"http:\/\/aldebro.hu\/en\/wp-json\/wp\/v2\/types\/post"}],"author":[{"embeddable":true,"href":"http:\/\/aldebro.hu\/en\/wp-json\/wp\/v2\/users\/1"}],"replies":[{"embeddable":true,"href":"http:\/\/aldebro.hu\/en\/wp-json\/wp\/v2\/comments?post=5638"}],"version-history":[{"count":2,"href":"http:\/\/aldebro.hu\/en\/wp-json\/wp\/v2\/posts\/5638\/revisions"}],"predecessor-version":[{"id":5641,"href":"http:\/\/aldebro.hu\/en\/wp-json\/wp\/v2\/posts\/5638\/revisions\/5641"}],"wp:attachment":[{"href":"http:\/\/aldebro.hu\/en\/wp-json\/wp\/v2\/media?parent=5638"}],"wp:term":[{"taxonomy":"category","embeddable":true,"href":"http:\/\/aldebro.hu\/en\/wp-json\/wp\/v2\/categories?post=5638"},{"taxonomy":"post_tag","embeddable":true,"href":"http:\/\/aldebro.hu\/en\/wp-json\/wp\/v2\/tags?post=5638"}],"curies":[{"name":"wp","href":"https:\/\/api.w.org\/{rel}","templated":true}]}}