{"id":5707,"date":"2020-09-30T13:49:20","date_gmt":"2020-09-30T12:49:20","guid":{"rendered":"http:\/\/aldebro.hu\/?p=5707"},"modified":"2020-10-08T13:49:17","modified_gmt":"2020-10-08T12:49:17","slug":"tajekoztatas-24","status":"publish","type":"post","link":"http:\/\/aldebro.hu\/en\/tajekoztatas-24\/","title":{"rendered":"Mobil Korm\u00e1nyablakbusz"},"content":{"rendered":"\n<div class=\"wp-block-image\"><figure class=\"aligncenter size-large is-resized\"><img loading=\"lazy\" decoding=\"async\" src=\"http:\/\/aldebro.hu\/wp-content\/uploads\/2020\/10\/KABBUSZ_ALDEBRO_page-0001.jpg\" alt=\"\" class=\"wp-image-5728\" width=\"506\" height=\"715\" srcset=\"http:\/\/aldebro.hu\/wp-content\/uploads\/2020\/10\/KABBUSZ_ALDEBRO_page-0001.jpg 724w, http:\/\/aldebro.hu\/wp-content\/uploads\/2020\/10\/KABBUSZ_ALDEBRO_page-0001-212x300.jpg 212w\" sizes=\"auto, (max-width: 506px) 100vw, 506px\" \/><\/figure><\/div>\n\n\n\n<p>A Mobiliz\u00e1lt Korm\u00e1nyablak \u00dcgyf\u00e9lszolg\u00e1latok kitelep\u00fcl\u00e9si helysz\u00ednei \u00e9s id\u0151pontjai az al\u00e1bbi linken tekinthet\u0151k meg:&nbsp;<br><a rel=\"noreferrer noopener\" href=\"http:\/\/kormanyablak.hu\/hu\/heves-megye-mobiliz%C3%A1lt-kormanyablak-ugyfelszolgalat\" target=\"_blank\">http:\/\/kormanyablak.hu\/hu\/heves-megye-mobiliz%C3%A1lt-kormanyablak-ugyfelszolgalat<\/a><\/p>\n","protected":false},"excerpt":{"rendered":"<p>A Mobiliz\u00e1lt Korm\u00e1nyablak \u00dcgyf\u00e9lszolg\u00e1latok kitelep\u00fcl\u00e9si helysz\u00ednei \u00e9s id\u0151pontjai az al\u00e1bbi linken tekinthet\u0151k meg:&nbsp;http:\/\/kormanyablak.hu\/hu\/heves-megye-mobiliz%C3%A1lt-kormanyablak-ugyfelszolgalat<\/p>\n","protected":false},"author":1,"featured_media":0,"comment_status":"closed","ping_status":"closed","sticky":false,"template":"","format":"standard","meta":{"footnotes":""},"categories":[29],"tags":[],"class_list":["post-5707","post","type-post","status-publish","format-standard","hentry","category-hirek"],"_links":{"self":[{"href":"http:\/\/aldebro.hu\/en\/wp-json\/wp\/v2\/posts\/5707","targetHints":{"allow":["GET"]}}],"collection":[{"href":"http:\/\/aldebro.hu\/en\/wp-json\/wp\/v2\/posts"}],"about":[{"href":"http:\/\/aldebro.hu\/en\/wp-json\/wp\/v2\/types\/post"}],"author":[{"embeddable":true,"href":"http:\/\/aldebro.hu\/en\/wp-json\/wp\/v2\/users\/1"}],"replies":[{"embeddable":true,"href":"http:\/\/aldebro.hu\/en\/wp-json\/wp\/v2\/comments?post=5707"}],"version-history":[{"count":3,"href":"http:\/\/aldebro.hu\/en\/wp-json\/wp\/v2\/posts\/5707\/revisions"}],"predecessor-version":[{"id":5729,"href":"http:\/\/aldebro.hu\/en\/wp-json\/wp\/v2\/posts\/5707\/revisions\/5729"}],"wp:attachment":[{"href":"http:\/\/aldebro.hu\/en\/wp-json\/wp\/v2\/media?parent=5707"}],"wp:term":[{"taxonomy":"category","embeddable":true,"href":"http:\/\/aldebro.hu\/en\/wp-json\/wp\/v2\/categories?post=5707"},{"taxonomy":"post_tag","embeddable":true,"href":"http:\/\/aldebro.hu\/en\/wp-json\/wp\/v2\/tags?post=5707"}],"curies":[{"name":"wp","href":"https:\/\/api.w.org\/{rel}","templated":true}]}}