{"id":8013,"date":"2024-04-04T09:15:04","date_gmt":"2024-04-04T08:15:04","guid":{"rendered":"http:\/\/aldebro.hu\/?p=8013"},"modified":"2024-04-04T09:27:47","modified_gmt":"2024-04-04T08:27:47","slug":"a-legszebb-konyhakertek-2024","status":"publish","type":"post","link":"http:\/\/aldebro.hu\/en\/a-legszebb-konyhakertek-2024\/","title":{"rendered":"&#8220;A legszebb konyhakertek&#8221; 2024"},"content":{"rendered":"\n<p>Aldebr\u0151 K\u00f6zs\u00e9gi \u00d6nkorm\u00e1nyzat 2024. \u00e9vben is csatlakozik a Magyar \u00d6r\u00f6ks\u00e9g d\u00edjas orsz\u00e1gos programhoz \u00e9s meghirdeti &#8220;A legszebb konyhakertek&#8221; programot, melyre m\u00e1jus 15-ig v\u00e1rjuk a kertm\u0171vel\u0151k jelentkez\u00e9s\u00e9t. <\/p>\n\n\n\n<p><a href=\"http:\/\/aldebro.hu\/wp-content\/uploads\/2024\/04\/Aldebro-Meghvo-es-plakat_2024.pdf\"><mark style=\"background-color:rgba(0, 0, 0, 0)\" class=\"has-inline-color has-vivid-red-color\"><strong>A programmal kapcsolatos plak\u00e1t \u00e9s megh\u00edv\u00f3 let\u00f6lthet\u0151 itt.<\/strong><\/mark><\/a><\/p>\n\n\n\n<p><a href=\"http:\/\/aldebro.hu\/wp-content\/uploads\/2024\/04\/Aldebro-Jelentkezesi-lap-2024.pdf\"><mark style=\"background-color:rgba(0, 0, 0, 0)\" class=\"has-inline-color has-vivid-red-color\"><strong>A jelentkez\u00e9si lap let\u00f6lthet\u0151 itt.<\/strong><\/mark><\/a><\/p>\n\n\n\n<figure class=\"wp-block-image size-large\"><img loading=\"lazy\" decoding=\"async\" width=\"724\" height=\"1024\" src=\"http:\/\/aldebro.hu\/wp-content\/uploads\/2024\/04\/A-legszebb-konyhakertek-plakat-2024-1-724x1024.jpg\" alt=\"\" class=\"wp-image-8015\" srcset=\"http:\/\/aldebro.hu\/wp-content\/uploads\/2024\/04\/A-legszebb-konyhakertek-plakat-2024-1-724x1024.jpg 724w, http:\/\/aldebro.hu\/wp-content\/uploads\/2024\/04\/A-legszebb-konyhakertek-plakat-2024-1-212x300.jpg 212w, http:\/\/aldebro.hu\/wp-content\/uploads\/2024\/04\/A-legszebb-konyhakertek-plakat-2024-1-768x1086.jpg 768w, http:\/\/aldebro.hu\/wp-content\/uploads\/2024\/04\/A-legszebb-konyhakertek-plakat-2024-1-1086x1536.jpg 1086w, http:\/\/aldebro.hu\/wp-content\/uploads\/2024\/04\/A-legszebb-konyhakertek-plakat-2024-1-739x1045.jpg 739w, http:\/\/aldebro.hu\/wp-content\/uploads\/2024\/04\/A-legszebb-konyhakertek-plakat-2024-1.jpg 1240w\" sizes=\"auto, (max-width: 724px) 100vw, 724px\" \/><\/figure>\n","protected":false},"excerpt":{"rendered":"<p>Aldebr\u0151 K\u00f6zs\u00e9gi \u00d6nkorm\u00e1nyzat 2024. \u00e9vben is csatlakozik a Magyar \u00d6r\u00f6ks\u00e9g d\u00edjas orsz\u00e1gos programhoz \u00e9s meghirdeti &#8220;A legszebb konyhakertek&#8221; programot, melyre&#8230;<\/p>\n","protected":false},"author":1,"featured_media":0,"comment_status":"closed","ping_status":"closed","sticky":false,"template":"","format":"standard","meta":{"footnotes":""},"categories":[1],"tags":[],"class_list":["post-8013","post","type-post","status-publish","format-standard","hentry","category-egyeb"],"_links":{"self":[{"href":"http:\/\/aldebro.hu\/en\/wp-json\/wp\/v2\/posts\/8013","targetHints":{"allow":["GET"]}}],"collection":[{"href":"http:\/\/aldebro.hu\/en\/wp-json\/wp\/v2\/posts"}],"about":[{"href":"http:\/\/aldebro.hu\/en\/wp-json\/wp\/v2\/types\/post"}],"author":[{"embeddable":true,"href":"http:\/\/aldebro.hu\/en\/wp-json\/wp\/v2\/users\/1"}],"replies":[{"embeddable":true,"href":"http:\/\/aldebro.hu\/en\/wp-json\/wp\/v2\/comments?post=8013"}],"version-history":[{"count":4,"href":"http:\/\/aldebro.hu\/en\/wp-json\/wp\/v2\/posts\/8013\/revisions"}],"predecessor-version":[{"id":8023,"href":"http:\/\/aldebro.hu\/en\/wp-json\/wp\/v2\/posts\/8013\/revisions\/8023"}],"wp:attachment":[{"href":"http:\/\/aldebro.hu\/en\/wp-json\/wp\/v2\/media?parent=8013"}],"wp:term":[{"taxonomy":"category","embeddable":true,"href":"http:\/\/aldebro.hu\/en\/wp-json\/wp\/v2\/categories?post=8013"},{"taxonomy":"post_tag","embeddable":true,"href":"http:\/\/aldebro.hu\/en\/wp-json\/wp\/v2\/tags?post=8013"}],"curies":[{"name":"wp","href":"https:\/\/api.w.org\/{rel}","templated":true}]}}