{"id":8287,"date":"2024-06-05T11:01:07","date_gmt":"2024-06-05T10:01:07","guid":{"rendered":"http:\/\/aldebro.hu\/?p=8287"},"modified":"2024-06-05T11:03:04","modified_gmt":"2024-06-05T10:03:04","slug":"tajekoztatas-a-kormanyablakok-nyitvatartasarol","status":"publish","type":"post","link":"http:\/\/aldebro.hu\/en\/tajekoztatas-a-kormanyablakok-nyitvatartasarol\/","title":{"rendered":"T\u00e1j\u00e9koztat\u00e1s a korm\u00e1nyablakok nyitvatart\u00e1s\u00e1r\u00f3l"},"content":{"rendered":"\n<p><mark style=\"background-color:rgba(0, 0, 0, 0)\" class=\"has-inline-color has-vivid-red-color\"><strong>Az eur\u00f3pai parlamenti \u00e9s az \u00f6nkorm\u00e1nyzati v\u00e1laszt\u00e1s h\u00e9tv\u00e9g\u00e9j\u00e9n a korm\u00e1nyablakok rendk\u00edv\u00fcli nyitvatart\u00e1ssal v\u00e1rj\u00e1k \u00fcgyfeleiket. <\/strong><\/mark><\/p>\n\n\n\n<p><mark style=\"background-color:rgba(0, 0, 0, 0)\" class=\"has-inline-color has-vivid-red-color\"><strong>Az err\u0151l sz\u00f3l\u00f3 t\u00e1j\u00e9koztat\u00f3 az al\u00e1bbi linken olvashat\u00f3:<\/strong><\/mark><\/p>\n\n\n\n<p><a href=\"https:\/\/kormanyhivatalok.hu\/hirek\/rendkivuli-nyitvatartas-valasztas-hetvegejen-kormanyablakokban\"><mark style=\"background-color:rgba(0, 0, 0, 0)\" class=\"has-inline-color has-vivid-cyan-blue-color\"><strong>https:\/\/kormanyhivatalok.hu\/hirek\/rendkivuli-nyitvatartas-valasztas-hetvegejen-kormanyablakokban<\/strong><\/mark><\/a><\/p>\n","protected":false},"excerpt":{"rendered":"<p>Az eur\u00f3pai parlamenti \u00e9s az \u00f6nkorm\u00e1nyzati v\u00e1laszt\u00e1s h\u00e9tv\u00e9g\u00e9j\u00e9n a korm\u00e1nyablakok rendk\u00edv\u00fcli nyitvatart\u00e1ssal v\u00e1rj\u00e1k \u00fcgyfeleiket. Az err\u0151l sz\u00f3l\u00f3 t\u00e1j\u00e9koztat\u00f3 az al\u00e1bbi&#8230;<\/p>\n","protected":false},"author":1,"featured_media":0,"comment_status":"closed","ping_status":"closed","sticky":false,"template":"","format":"standard","meta":{"footnotes":""},"categories":[1],"tags":[],"class_list":["post-8287","post","type-post","status-publish","format-standard","hentry","category-egyeb"],"_links":{"self":[{"href":"http:\/\/aldebro.hu\/en\/wp-json\/wp\/v2\/posts\/8287","targetHints":{"allow":["GET"]}}],"collection":[{"href":"http:\/\/aldebro.hu\/en\/wp-json\/wp\/v2\/posts"}],"about":[{"href":"http:\/\/aldebro.hu\/en\/wp-json\/wp\/v2\/types\/post"}],"author":[{"embeddable":true,"href":"http:\/\/aldebro.hu\/en\/wp-json\/wp\/v2\/users\/1"}],"replies":[{"embeddable":true,"href":"http:\/\/aldebro.hu\/en\/wp-json\/wp\/v2\/comments?post=8287"}],"version-history":[{"count":2,"href":"http:\/\/aldebro.hu\/en\/wp-json\/wp\/v2\/posts\/8287\/revisions"}],"predecessor-version":[{"id":8289,"href":"http:\/\/aldebro.hu\/en\/wp-json\/wp\/v2\/posts\/8287\/revisions\/8289"}],"wp:attachment":[{"href":"http:\/\/aldebro.hu\/en\/wp-json\/wp\/v2\/media?parent=8287"}],"wp:term":[{"taxonomy":"category","embeddable":true,"href":"http:\/\/aldebro.hu\/en\/wp-json\/wp\/v2\/categories?post=8287"},{"taxonomy":"post_tag","embeddable":true,"href":"http:\/\/aldebro.hu\/en\/wp-json\/wp\/v2\/tags?post=8287"}],"curies":[{"name":"wp","href":"https:\/\/api.w.org\/{rel}","templated":true}]}}