{"id":8897,"date":"2025-10-03T10:33:32","date_gmt":"2025-10-03T09:33:32","guid":{"rendered":"http:\/\/aldebro.hu\/?p=8897"},"modified":"2025-10-03T10:35:01","modified_gmt":"2025-10-03T09:35:01","slug":"magyar-kozigazgatasi-osztondijprogram-2026","status":"publish","type":"post","link":"http:\/\/aldebro.hu\/en\/magyar-kozigazgatasi-osztondijprogram-2026\/","title":{"rendered":"Magyar K\u00f6zigazgat\u00e1si \u00d6szt\u00f6nd\u00edjprogram 2026"},"content":{"rendered":"\n<p><img loading=\"lazy\" decoding=\"async\" height=\"16\" width=\"16\" alt=\"\ud83c\udf93\" src=\"https:\/\/static.xx.fbcdn.net\/images\/emoji.php\/v9\/t25\/1\/16\/1f393.png\"> Elindult a jelentkez\u00e9s a Magyar K\u00f6zigazgat\u00e1si \u00d6szt\u00f6nd\u00edjprogram 2026-os<\/p>\n\n\n\n<p>\u00e9vfolyam\u00e1ba!<\/p>\n\n\n\n<p>Az MK\u00d6 id\u00e9n is v\u00e1rja 2025. okt\u00f3ber 15-ig a diplom\u00e1s, idegen nyelvet besz\u00e9l\u0151, 30 \u00e9v alatti, p\u00e1lyakezd\u0151 magyar fiatalok jelentkez\u00e9s\u00e9t az <a href=\"http:\/\/mkoprogram.hu\/?fbclid=IwZXh0bgNhZW0CMTAAYnJpZBEwWDhCQWR1MENEOFlZZE9UZAEeDK8FcNE88L1z67xgD8XA9NEqeVo5Iqxnu2RrFr95J_eh4xILk3R_Sd-IAjw_aem_NKc3ou1hBMBAVCizODiITQ\" rel=\"noreferrer noopener\" target=\"_blank\">mkoprogram.hu<\/a> fel\u00fcleten.<\/p>\n\n\n\n<p>A 10 h\u00f3napos, karrierind\u00edt\u00f3 \u00f6szt\u00f6nd\u00edjprogramban a felvett 60 \u00f6szt\u00f6nd\u00edjas:<\/p>\n\n\n\n<p>\uf0b7 <a><\/a>2026. febru\u00e1r 1. \u00e9s november 30. k\u00f6z\u00f6tt,<\/p>\n\n\n\n<p>\uf0b7 7 h\u00f3napot egy \u00e1ltaluk v\u00e1lasztott miniszt\u00e9riumban t\u00f6lthet,<\/p>\n\n\n\n<p>\uf0b7 majd 3 h\u00f3napot Magyarorsz\u00e1g k\u00fclk\u00e9pviseletein vagy nemzetk\u00f6zi szervezetekn\u00e9l szerezhet nemzetk\u00f6zi tapasztalatot.<\/p>\n\n\n\n<p><img loading=\"lazy\" decoding=\"async\" height=\"16\" width=\"16\" alt=\"\u2728\" src=\"https:\/\/static.xx.fbcdn.net\/images\/emoji.php\/v9\/tf4\/1\/16\/2728.png\"> Mit ny\u00fajt a program?<\/p>\n\n\n\n<p><img loading=\"lazy\" decoding=\"async\" height=\"16\" width=\"16\" alt=\"\u2705\" src=\"https:\/\/static.xx.fbcdn.net\/images\/emoji.php\/v9\/t33\/1\/16\/2705.png\"> 7 h\u00f3nap egy hazai miniszt\u00e9riumban \u2013 \u00f6szt\u00f6nd\u00edj \u00f6sszege: 350 000 Ft\/h\u00f3<\/p>\n\n\n\n<p><img loading=\"lazy\" decoding=\"async\" height=\"16\" width=\"16\" alt=\"\u2705\" src=\"https:\/\/static.xx.fbcdn.net\/images\/emoji.php\/v9\/t33\/1\/16\/2705.png\"> 3 h\u00f3nap nemzetk\u00f6zi tapasztalatszerz\u00e9s \u2013 \u00f6szt\u00f6nd\u00edj \u00f6sszege: \u00e1tlagosan 740 000 Ft\/h\u00f3<\/p>\n\n\n\n<p><img loading=\"lazy\" decoding=\"async\" height=\"16\" width=\"16\" alt=\"\u2705\" src=\"https:\/\/static.xx.fbcdn.net\/images\/emoji.php\/v9\/t33\/1\/16\/2705.png\"> szem\u00e9lyre szabott mentor\u00e1l\u00e1s<\/p>\n\n\n\n<p><img loading=\"lazy\" decoding=\"async\" height=\"16\" width=\"16\" alt=\"\u2705\" src=\"https:\/\/static.xx.fbcdn.net\/images\/emoji.php\/v9\/t33\/1\/16\/2705.png\"> minden h\u00e9ten k\u00f6z\u00e9leti \u00e9s szakmai el\u0151ad\u00e1sok, k\u00e9pz\u00e9sek, int\u00e9zm\u00e9nyl\u00e1togat\u00e1sok<\/p>\n\n\n\n<p><img loading=\"lazy\" decoding=\"async\" height=\"16\" width=\"16\" alt=\"\u2705\" src=\"https:\/\/static.xx.fbcdn.net\/images\/emoji.php\/v9\/t33\/1\/16\/2705.png\"> tov\u00e1bbfoglalkoztat\u00e1s \u00e9s korm\u00e1nytisztvisel\u0151i kinevez\u00e9s lehet\u0151s\u00e9ge a program v\u00e9g\u00e9n<\/p>\n\n\n\n<p><img loading=\"lazy\" decoding=\"async\" height=\"16\" width=\"16\" alt=\"\ud83d\udca1\" src=\"https:\/\/static.xx.fbcdn.net\/images\/emoji.php\/v9\/t3c\/1\/16\/1f4a1.png\"> A havi \u00f6szt\u00f6nd\u00edjak ad\u00f3- \u00e9s j\u00e1rul\u00e9kmentesek.<\/p>\n\n\n\n<p><img loading=\"lazy\" decoding=\"async\" height=\"16\" width=\"16\" alt=\"\ud83d\udcc5\" src=\"https:\/\/static.xx.fbcdn.net\/images\/emoji.php\/v9\/t7e\/1\/16\/1f4c5.png\"> A p\u00e1ly\u00e1zati felh\u00edv\u00e1s el\u00e9rhet\u0151 az MK\u00d6 honlapj\u00e1n, az online jelentkez\u00e9si fel\u00fclet 2025. szeptember 15. \u00e9s okt\u00f3ber 15. k\u00f6z\u00f6tt \u00e1ll nyitva.<\/p>\n\n\n\n<p><img loading=\"lazy\" decoding=\"async\" height=\"16\" width=\"16\" alt=\"\ud83d\udc49\" src=\"https:\/\/static.xx.fbcdn.net\/images\/emoji.php\/v9\/t51\/1\/16\/1f449.png\"> Folyamatos t\u00e1j\u00e9koztat\u00e1s\u00e9rt k\u00f6vesd a jelentkez\u00e9si id\u0151szak hivatalos Facebook-esem\u00e9ny\u00e9t!<\/p>\n\n\n\n<p>MK\u00d6 \u2013 Karrier. K\u00f6z\u00f6ss\u00e9g. Nemzetk\u00f6zi tapasztalat. Jelentkezz Te is!<\/p>\n\n\n\n<figure class=\"wp-block-image size-large\"><img loading=\"lazy\" decoding=\"async\" width=\"723\" height=\"1024\" src=\"http:\/\/aldebro.hu\/wp-content\/uploads\/2025\/10\/plakat_02.png-723x1024.jpg\" alt=\"\" class=\"wp-image-8899\" srcset=\"http:\/\/aldebro.hu\/wp-content\/uploads\/2025\/10\/plakat_02.png-723x1024.jpg 723w, http:\/\/aldebro.hu\/wp-content\/uploads\/2025\/10\/plakat_02.png-212x300.jpg 212w, http:\/\/aldebro.hu\/wp-content\/uploads\/2025\/10\/plakat_02.png-768x1087.jpg 768w, http:\/\/aldebro.hu\/wp-content\/uploads\/2025\/10\/plakat_02.png-1085x1536.jpg 1085w, http:\/\/aldebro.hu\/wp-content\/uploads\/2025\/10\/plakat_02.png-739x1046.jpg 739w, http:\/\/aldebro.hu\/wp-content\/uploads\/2025\/10\/plakat_02.png.jpg 1239w\" sizes=\"auto, (max-width: 723px) 100vw, 723px\" \/><\/figure>\n","protected":false},"excerpt":{"rendered":"<p>Elindult a jelentkez\u00e9s a Magyar K\u00f6zigazgat\u00e1si \u00d6szt\u00f6nd\u00edjprogram 2026-os \u00e9vfolyam\u00e1ba! Az MK\u00d6 id\u00e9n is v\u00e1rja 2025. okt\u00f3ber 15-ig a diplom\u00e1s, idegen&#8230;<\/p>\n","protected":false},"author":1,"featured_media":0,"comment_status":"closed","ping_status":"closed","sticky":false,"template":"","format":"standard","meta":{"footnotes":""},"categories":[1],"tags":[],"class_list":["post-8897","post","type-post","status-publish","format-standard","hentry","category-egyeb"],"_links":{"self":[{"href":"http:\/\/aldebro.hu\/en\/wp-json\/wp\/v2\/posts\/8897","targetHints":{"allow":["GET"]}}],"collection":[{"href":"http:\/\/aldebro.hu\/en\/wp-json\/wp\/v2\/posts"}],"about":[{"href":"http:\/\/aldebro.hu\/en\/wp-json\/wp\/v2\/types\/post"}],"author":[{"embeddable":true,"href":"http:\/\/aldebro.hu\/en\/wp-json\/wp\/v2\/users\/1"}],"replies":[{"embeddable":true,"href":"http:\/\/aldebro.hu\/en\/wp-json\/wp\/v2\/comments?post=8897"}],"version-history":[{"count":2,"href":"http:\/\/aldebro.hu\/en\/wp-json\/wp\/v2\/posts\/8897\/revisions"}],"predecessor-version":[{"id":8900,"href":"http:\/\/aldebro.hu\/en\/wp-json\/wp\/v2\/posts\/8897\/revisions\/8900"}],"wp:attachment":[{"href":"http:\/\/aldebro.hu\/en\/wp-json\/wp\/v2\/media?parent=8897"}],"wp:term":[{"taxonomy":"category","embeddable":true,"href":"http:\/\/aldebro.hu\/en\/wp-json\/wp\/v2\/categories?post=8897"},{"taxonomy":"post_tag","embeddable":true,"href":"http:\/\/aldebro.hu\/en\/wp-json\/wp\/v2\/tags?post=8897"}],"curies":[{"name":"wp","href":"https:\/\/api.w.org\/{rel}","templated":true}]}}